{"id":"fernandogarciapsiquiatra.com","name":"Dr. Fernando Garc\u00eda Psiquiatra","short_name":"Dr. Garc\u00eda","description":"Psiquiatra y psicoterapeuta especialista en depresi\u00f3n y ansiedad","icons":[{"src":"https:\/\/fernandogarciapsiquiatra.com\/wp-content\/uploads\/2023\/05\/192.png","sizes":"192x192","type":"image\/png","purpose":"any"},{"src":"https:\/\/fernandogarciapsiquiatra.com\/wp-content\/uploads\/2023\/05\/512.png","sizes":"512x512","type":"image\/png","purpose":"any"}],"screenshots":[{"src":"https:\/\/fernandogarciapsiquiatra.com\/wp-content\/uploads\/2023\/05\/sc.png","sizes":"472x1024","type":"image\/png","label":"Homescreen of Superpwa App"}],"background_color":"#ffffff","theme_color":"#22b352","display":"standalone","dir":"ltr","orientation":"portrait","start_url":"\/","categories":["health"],"scope":"\/","shortcuts":[{"name":"Dr. Garc\u00eda","url":"\/","description":"Psiquiatra y psicoterapeuta especialista en depresi\u00f3n y ansiedad","icons":[{"src":"https:\/\/fernandogarciapsiquiatra.com\/wp-content\/uploads\/2023\/05\/192.png","sizes":"192x192"}]}],"launch_handler":{"client_mode":"auto"},"handle_links":"preferred"}